{"id":885,"date":"2016-10-19T10:31:50","date_gmt":"2016-10-19T15:31:50","guid":{"rendered":"http:\/\/www.vmedia.ca\/blog\/?p=885"},"modified":"2022-10-14T13:08:34","modified_gmt":"2022-10-14T18:08:34","slug":"vmedia-launches-fund-raising-defend-bell","status":"publish","type":"post","link":"https:\/\/www.vmedia.ca\/blog\/fr\/vmedia-launches-fund-raising-defend-bell\/","title":{"rendered":"VMedia proc\u00e8de a une collecte de fonds afin de se d\u00e9fendre contre Bell."},"content":{"rendered":"<p>[vc_row][vc_column][vc_column_text]<img loading=\"lazy\" decoding=\"async\" class=\"aligncenter wp-image-886\" src=\"https:\/\/www.vmedia.ca\/blog\/wp-content\/uploads\/2016\/10\/VMEDIA_facebook_SaveStreamingTV.jpg\" alt=\"VMEDIA_facebook_SaveStreamingTV\" width=\"700\" height=\"357\" srcset=\"https:\/\/www.vmedia.ca\/blog\/wp-content\/uploads\/2016\/10\/VMEDIA_facebook_SaveStreamingTV.jpg 980w, https:\/\/www.vmedia.ca\/blog\/wp-content\/uploads\/2016\/10\/VMEDIA_facebook_SaveStreamingTV-300x153.jpg 300w, https:\/\/www.vmedia.ca\/blog\/wp-content\/uploads\/2016\/10\/VMEDIA_facebook_SaveStreamingTV-768x392.jpg 768w, https:\/\/www.vmedia.ca\/blog\/wp-content\/uploads\/2016\/10\/VMEDIA_facebook_SaveStreamingTV-624x318.jpg 624w\" sizes=\"(max-width: 700px) 100vw, 700px\" \/><\/p>\n<p>Comme vous l\u2019avez peut \u00eatre vu dans <a href=\"https:\/\/www.vmedia.ca\/en\/savestreamingtv\">l\u2019actualit\u00e9<\/a> et sur notre <a href=\"https:\/\/www.facebook.com\/VMediaTV\/\" class=\"broken_link\">page Facebook<\/a> , Bell a fait la demande que VMedia retire les cha\u00eenes CTV et CTV2 de notre nouveau service de diffusion en continu que nous avons r\u00e9cemment introduit sur les lecteurs ROKU.<\/p>\n<p><strong>Ceci n\u2019affectera pas le service TV VMedia avec l\u2019Internet VMedia et s\u2019applique seulement \u00e0 l\u2019\u00c9conomique sans Internet VMedia.<\/strong><\/p>\n<p>VMedia a lanc\u00e9 cette application de TV en direct innovatrice parce que nous voulons offrir aux canadiens un forfait abordable (17.95 $) avec un lecteur Roku ou notre VBox sans avoir besoin de changer de fournisseur internet.<\/p>\n<p>En tant que d\u00e9tenteur d\u2019une licence de distribution de radiodiffusion, nous pensons que nous sommes dans le droit d\u2019offrir un service de diffusion en continu en ce qui concerne les chaines hertziennes d\u2019apr\u00e8s la loi sur le droit d\u2019auteur.<\/p>\n<p>Bell est d\u2019un avis contraire, et nous poursuit en justice pour forcer VMedia d\u2019arr\u00eater de distribuer les cha\u00eenes CTV et CTV 2 sure notre service TV en direct.<\/p>\n<p>Le service de diffusion en continu de VMedia est notre derni\u00e8re innovation \u00e0 \u00eatre introduit au public canadien, avec le but de faire de la t\u00e9l\u00e9vision un service plus abordable et convenable. De plus, les contenus vid\u00e9o sont de plus en plus disponibles sur des plateformes de diffusion avec un taux croissant, comme le montre le succ\u00e8s de SLING TV aux \u00c9tats-Unis, aupr\u00e8s duquel notre propre service de diffusion est model\u00e9. La diffusion en continu est le futur de la t\u00e9l\u00e9vision, et les consommateurs le savent autant que l\u2019industrie.<\/p>\n<p>Nous avons pris la d\u00e9cision de tenir t\u00eate \u00e0 Bell, pour nous et les consommateurs qui veulent avoir acc\u00e8s \u00e0 un service de t\u00e9l\u00e9vision avec diffusion en continu. Quoi que nous sommes une jeune entreprise et que se d\u00e9fendre contre cette contestation judiciaire nous est tr\u00e8s couteux, nous allons pr\u00e9senter une p\u00e9tition\u00a0 \u00e0 la Cour pour qu\u2019elle puisse prendre une d\u00e9cision \u00e0 ce sujet.<\/p>\n<p>Nous avons aussi lanc\u00e9 une initiative de collecte de fonds pour nous aider avec les co\u00fbts juridiques associ\u00e9s pour sauver la diffusion en continu au Canada. Voici le lien o\u00f9 vous pouvez <a href=\"https:\/\/www.vmedia.ca\/en\/savestreamingtv\">contribuez<\/a>. Nous esp\u00e9rons que vous contribuerez et que vous passerez le mot \u00e0 d\u2019autres.<\/p>\n<p>Nous remercions tout le monde pour leurs commentaires positifs et leur support et nous sommes optimistes sur la d\u00e9cision que la Cour prendra. Restez \u00e0 l\u2019\u00e9coute sur notre blog et nos espaces sociaux pour tous les derniers d\u00e9veloppements.[\/vc_column_text][\/vc_column][\/vc_row][vc_row][vc_column][vc_column_text]<img loading=\"lazy\" decoding=\"async\" class=\"aligncenter wp-image-886\" src=\"https:\/\/www.vmedia.ca\/blog\/wp-content\/uploads\/2016\/10\/VMEDIA_facebook_SaveStreamingTV.jpg\" alt=\"VMEDIA_facebook_SaveStreamingTV\" width=\"700\" height=\"357\" srcset=\"https:\/\/www.vmedia.ca\/blog\/wp-content\/uploads\/2016\/10\/VMEDIA_facebook_SaveStreamingTV.jpg 980w, https:\/\/www.vmedia.ca\/blog\/wp-content\/uploads\/2016\/10\/VMEDIA_facebook_SaveStreamingTV-300x153.jpg 300w, https:\/\/www.vmedia.ca\/blog\/wp-content\/uploads\/2016\/10\/VMEDIA_facebook_SaveStreamingTV-768x392.jpg 768w, https:\/\/www.vmedia.ca\/blog\/wp-content\/uploads\/2016\/10\/VMEDIA_facebook_SaveStreamingTV-624x318.jpg 624w\" sizes=\"(max-width: 700px) 100vw, 700px\" \/><\/p>\n<p>Comme vous l\u2019avez peut \u00eatre vu dans <a href=\"https:\/\/www.vmedia.ca\/en\/savestreamingtv\">l\u2019actualit\u00e9<\/a> et sur notre <a href=\"https:\/\/www.facebook.com\/VMediaTV\/\" class=\"broken_link\">page Facebook<\/a> , Bell a fait la demande que VMedia retire les cha\u00eenes CTV et CTV2 de notre nouveau service de diffusion en continu que nous avons r\u00e9cemment introduit sur les lecteurs ROKU.<\/p>\n<p><strong>Ceci n\u2019affectera pas le service TV VMedia avec l\u2019Internet VMedia et s\u2019applique seulement \u00e0 l\u2019\u00c9conomique sans Internet VMedia.<\/strong><\/p>\n<p>VMedia a lanc\u00e9 cette application de TV en direct innovatrice parce que nous voulons offrir aux canadiens un forfait abordable (17.95 $) avec un lecteur Roku ou notre VBox sans avoir besoin de changer de fournisseur internet.<\/p>\n<p>En tant que d\u00e9tenteur d\u2019une licence de distribution de radiodiffusion, nous pensons que nous sommes dans le droit d\u2019offrir un service de diffusion en continu en ce qui concerne les chaines hertziennes d\u2019apr\u00e8s la loi sur le droit d\u2019auteur.<\/p>\n<p>Bell est d\u2019un avis contraire, et nous poursuit en justice pour forcer VMedia d\u2019arr\u00eater de distribuer les cha\u00eenes CTV et CTV 2 sure notre service TV en direct.<\/p>\n<p>Le service de diffusion en continu de VMedia est notre derni\u00e8re innovation \u00e0 \u00eatre introduit au public canadien, avec le but de faire de la t\u00e9l\u00e9vision un service plus abordable et convenable. De plus, les contenus vid\u00e9o sont de plus en plus disponibles sur des plateformes de diffusion avec un taux croissant, comme le montre le succ\u00e8s de SLING TV aux \u00c9tats-Unis, aupr\u00e8s duquel notre propre service de diffusion est model\u00e9. La diffusion en continu est le futur de la t\u00e9l\u00e9vision, et les consommateurs le savent autant que l\u2019industrie.<\/p>\n<p>Nous avons pris la d\u00e9cision de tenir t\u00eate \u00e0 Bell, pour nous et les consommateurs qui veulent avoir acc\u00e8s \u00e0 un service de t\u00e9l\u00e9vision avec diffusion en continu. Quoi que nous sommes une jeune entreprise et que se d\u00e9fendre contre cette contestation judiciaire nous est tr\u00e8s couteux, nous allons pr\u00e9senter une p\u00e9tition\u00a0 \u00e0 la Cour pour qu\u2019elle puisse prendre une d\u00e9cision \u00e0 ce sujet.<\/p>\n<p>Nous avons aussi lanc\u00e9 une initiative de collecte de fonds pour nous aider avec les co\u00fbts juridiques associ\u00e9s pour sauver la diffusion en continu au Canada. Voici le lien o\u00f9 vous pouvez <a href=\"https:\/\/www.vmedia.ca\/en\/savestreamingtv\">contribuez<\/a>. Nous esp\u00e9rons que vous contribuerez et que vous passerez le mot \u00e0 d\u2019autres.<\/p>\n<p>Nous remercions tout le monde pour leurs commentaires positifs et leur support et nous sommes optimistes sur la d\u00e9cision que la Cour prendra. Restez \u00e0 l\u2019\u00e9coute sur notre blog et nos espaces sociaux pour tous les derniers d\u00e9veloppements.[\/vc_column_text][\/vc_column][\/vc_row]<\/p>","protected":false},"excerpt":{"rendered":"<p>[vc_row][vc_column][vc_column_text] Comme vous l\u2019avez peut \u00eatre vu dans l\u2019actualit\u00e9 et sur notre page Facebook , Bell a fait la demande que VMedia retire les cha\u00eenes CTV et CTV2 de notre nouveau service de diffusion en continu que nous avons r\u00e9cemment introduit sur les lecteurs ROKU. Ceci n\u2019affectera pas le service TV VMedia avec l\u2019Internet VMedia [&hellip;]<\/p>\n","protected":false},"author":10,"featured_media":0,"comment_status":"open","ping_status":"open","sticky":false,"template":"","format":"standard","meta":{"_lmt_disableupdate":"no","_lmt_disable":"no","footnotes":""},"categories":[1558],"tags":[131,80,132,133,129,130,73],"yoast_head":"<!-- This site is optimized with the Yoast SEO Premium plugin v18.1 (Yoast SEO v22.3) - https:\/\/yoast.com\/wordpress\/plugins\/seo\/ -->\n<title>VMedia proc\u00e8de a une collecte de fonds afin de se d\u00e9fendre contre Bell. - VMedia Blogue<\/title>\n<meta name=\"robots\" content=\"noindex, follow\" \/>\n<meta property=\"og:locale\" content=\"fr_CA\" \/>\n<meta property=\"og:type\" content=\"article\" \/>\n<meta property=\"og:title\" content=\"VMedia proc\u00e8de a une collecte de fonds afin de se d\u00e9fendre contre Bell.\" \/>\n<meta property=\"og:description\" content=\"Comme vous l\u2019avez peut \u00eatre vu dans l\u2019actualit\u00e9 et sur notre page Facebook , Bell a fait la demande que VMedia retire les cha\u00eenes CTV et CTV2 de notre nouveau service de diffusion en continu que nous avons r\u00e9cemment introduit sur les lecteurs ROKU. Ceci n\u2019affectera pas le service TV VMedia avec l\u2019Internet VMedia\" \/>\n<meta property=\"og:url\" content=\"https:\/\/www.vmedia.ca\/blog\/fr\/vmedia-launches-fund-raising-defend-bell\/\" \/>\n<meta property=\"og:site_name\" content=\"VMedia Blogue\" \/>\n<meta property=\"article:published_time\" content=\"2016-10-19T15:31:50+00:00\" \/>\n<meta property=\"article:modified_time\" content=\"2022-10-14T18:08:34+00:00\" \/>\n<meta property=\"og:image\" content=\"https:\/\/www.vmedia.ca\/blog\/wp-content\/uploads\/2016\/10\/VMEDIA_facebook_SaveStreamingTV.jpg\" \/>\n<meta name=\"author\" content=\"Anik Chatterjee\" \/>\n<meta name=\"twitter:card\" content=\"summary_large_image\" \/>\n<meta name=\"twitter:label1\" content=\"Written by\" \/>\n\t<meta name=\"twitter:data1\" content=\"Anik Chatterjee\" \/>\n\t<meta name=\"twitter:label2\" content=\"Est. reading time\" \/>\n\t<meta name=\"twitter:data2\" content=\"6 minutes\" \/>\n<script type=\"application\/ld+json\" class=\"yoast-schema-graph\">{\"@context\":\"https:\/\/schema.org\",\"@graph\":[{\"@type\":\"WebPage\",\"@id\":\"https:\/\/www.vmedia.ca\/blog\/fr\/vmedia-launches-fund-raising-defend-bell\/\",\"url\":\"https:\/\/www.vmedia.ca\/blog\/fr\/vmedia-launches-fund-raising-defend-bell\/\",\"name\":\"VMedia proc\u00e8de a une collecte de fonds afin de se d\u00e9fendre contre Bell. - VMedia Blogue\",\"isPartOf\":{\"@id\":\"https:\/\/www.vmedia.ca\/blog\/en\/#website\"},\"primaryImageOfPage\":{\"@id\":\"https:\/\/www.vmedia.ca\/blog\/fr\/vmedia-launches-fund-raising-defend-bell\/#primaryimage\"},\"image\":{\"@id\":\"https:\/\/www.vmedia.ca\/blog\/fr\/vmedia-launches-fund-raising-defend-bell\/#primaryimage\"},\"thumbnailUrl\":\"https:\/\/www.vmedia.ca\/blog\/wp-content\/uploads\/2016\/10\/VMEDIA_facebook_SaveStreamingTV.jpg\",\"datePublished\":\"2016-10-19T15:31:50+00:00\",\"dateModified\":\"2022-10-14T18:08:34+00:00\",\"author\":{\"@id\":\"https:\/\/www.vmedia.ca\/blog\/en\/#\/schema\/person\/0225762f01528355050674b6a90ec489\"},\"breadcrumb\":{\"@id\":\"https:\/\/www.vmedia.ca\/blog\/fr\/vmedia-launches-fund-raising-defend-bell\/#breadcrumb\"},\"inLanguage\":\"fr-CA\",\"potentialAction\":[{\"@type\":\"ReadAction\",\"target\":[\"https:\/\/www.vmedia.ca\/blog\/fr\/vmedia-launches-fund-raising-defend-bell\/\"]}]},{\"@type\":\"ImageObject\",\"inLanguage\":\"fr-CA\",\"@id\":\"https:\/\/www.vmedia.ca\/blog\/fr\/vmedia-launches-fund-raising-defend-bell\/#primaryimage\",\"url\":\"https:\/\/www.vmedia.ca\/blog\/wp-content\/uploads\/2016\/10\/VMEDIA_facebook_SaveStreamingTV.jpg\",\"contentUrl\":\"https:\/\/www.vmedia.ca\/blog\/wp-content\/uploads\/2016\/10\/VMEDIA_facebook_SaveStreamingTV.jpg\"},{\"@type\":\"BreadcrumbList\",\"@id\":\"https:\/\/www.vmedia.ca\/blog\/fr\/vmedia-launches-fund-raising-defend-bell\/#breadcrumb\",\"itemListElement\":[{\"@type\":\"ListItem\",\"position\":1,\"name\":\"Home\",\"item\":\"https:\/\/www.vmedia.ca\/blog\/en\/\"},{\"@type\":\"ListItem\",\"position\":2,\"name\":\"VMedia proc\u00e8de a une collecte de fonds afin de se d\u00e9fendre contre Bell.\"}]},{\"@type\":\"WebSite\",\"@id\":\"https:\/\/www.vmedia.ca\/blog\/en\/#website\",\"url\":\"https:\/\/www.vmedia.ca\/blog\/en\/\",\"name\":\"VMedia Blogue\",\"description\":\"TV et Internet Service Provider\",\"potentialAction\":[{\"@type\":\"SearchAction\",\"target\":{\"@type\":\"EntryPoint\",\"urlTemplate\":\"https:\/\/www.vmedia.ca\/blog\/en\/?s={search_term_string}\"},\"query-input\":\"required name=search_term_string\"}],\"inLanguage\":\"fr-CA\"},{\"@type\":\"Person\",\"@id\":\"https:\/\/www.vmedia.ca\/blog\/en\/#\/schema\/person\/0225762f01528355050674b6a90ec489\",\"name\":\"Anik Chatterjee\",\"url\":\"https:\/\/www.vmedia.ca\/blog\/fr\/author\/anik-chatterjee\/\"}]}<\/script>\n<!-- \/ Yoast SEO Premium plugin. -->","yoast_head_json":{"title":"VMedia proc\u00e8de a une collecte de fonds afin de se d\u00e9fendre contre Bell. - VMedia Blogue","robots":{"index":"noindex","follow":"follow"},"og_locale":"fr_CA","og_type":"article","og_title":"VMedia proc\u00e8de a une collecte de fonds afin de se d\u00e9fendre contre Bell.","og_description":"Comme vous l\u2019avez peut \u00eatre vu dans l\u2019actualit\u00e9 et sur notre page Facebook , Bell a fait la demande que VMedia retire les cha\u00eenes CTV et CTV2 de notre nouveau service de diffusion en continu que nous avons r\u00e9cemment introduit sur les lecteurs ROKU. Ceci n\u2019affectera pas le service TV VMedia avec l\u2019Internet VMedia","og_url":"https:\/\/www.vmedia.ca\/blog\/fr\/vmedia-launches-fund-raising-defend-bell\/","og_site_name":"VMedia Blogue","article_published_time":"2016-10-19T15:31:50+00:00","article_modified_time":"2022-10-14T18:08:34+00:00","og_image":[{"url":"https:\/\/www.vmedia.ca\/blog\/wp-content\/uploads\/2016\/10\/VMEDIA_facebook_SaveStreamingTV.jpg"}],"author":"Anik Chatterjee","twitter_card":"summary_large_image","twitter_misc":{"Written by":"Anik Chatterjee","Est. reading time":"6 minutes"},"schema":{"@context":"https:\/\/schema.org","@graph":[{"@type":"WebPage","@id":"https:\/\/www.vmedia.ca\/blog\/fr\/vmedia-launches-fund-raising-defend-bell\/","url":"https:\/\/www.vmedia.ca\/blog\/fr\/vmedia-launches-fund-raising-defend-bell\/","name":"VMedia proc\u00e8de a une collecte de fonds afin de se d\u00e9fendre contre Bell. - VMedia Blogue","isPartOf":{"@id":"https:\/\/www.vmedia.ca\/blog\/en\/#website"},"primaryImageOfPage":{"@id":"https:\/\/www.vmedia.ca\/blog\/fr\/vmedia-launches-fund-raising-defend-bell\/#primaryimage"},"image":{"@id":"https:\/\/www.vmedia.ca\/blog\/fr\/vmedia-launches-fund-raising-defend-bell\/#primaryimage"},"thumbnailUrl":"https:\/\/www.vmedia.ca\/blog\/wp-content\/uploads\/2016\/10\/VMEDIA_facebook_SaveStreamingTV.jpg","datePublished":"2016-10-19T15:31:50+00:00","dateModified":"2022-10-14T18:08:34+00:00","author":{"@id":"https:\/\/www.vmedia.ca\/blog\/en\/#\/schema\/person\/0225762f01528355050674b6a90ec489"},"breadcrumb":{"@id":"https:\/\/www.vmedia.ca\/blog\/fr\/vmedia-launches-fund-raising-defend-bell\/#breadcrumb"},"inLanguage":"fr-CA","potentialAction":[{"@type":"ReadAction","target":["https:\/\/www.vmedia.ca\/blog\/fr\/vmedia-launches-fund-raising-defend-bell\/"]}]},{"@type":"ImageObject","inLanguage":"fr-CA","@id":"https:\/\/www.vmedia.ca\/blog\/fr\/vmedia-launches-fund-raising-defend-bell\/#primaryimage","url":"https:\/\/www.vmedia.ca\/blog\/wp-content\/uploads\/2016\/10\/VMEDIA_facebook_SaveStreamingTV.jpg","contentUrl":"https:\/\/www.vmedia.ca\/blog\/wp-content\/uploads\/2016\/10\/VMEDIA_facebook_SaveStreamingTV.jpg"},{"@type":"BreadcrumbList","@id":"https:\/\/www.vmedia.ca\/blog\/fr\/vmedia-launches-fund-raising-defend-bell\/#breadcrumb","itemListElement":[{"@type":"ListItem","position":1,"name":"Home","item":"https:\/\/www.vmedia.ca\/blog\/en\/"},{"@type":"ListItem","position":2,"name":"VMedia proc\u00e8de a une collecte de fonds afin de se d\u00e9fendre contre Bell."}]},{"@type":"WebSite","@id":"https:\/\/www.vmedia.ca\/blog\/en\/#website","url":"https:\/\/www.vmedia.ca\/blog\/en\/","name":"VMedia Blogue","description":"TV et Internet Service Provider","potentialAction":[{"@type":"SearchAction","target":{"@type":"EntryPoint","urlTemplate":"https:\/\/www.vmedia.ca\/blog\/en\/?s={search_term_string}"},"query-input":"required name=search_term_string"}],"inLanguage":"fr-CA"},{"@type":"Person","@id":"https:\/\/www.vmedia.ca\/blog\/en\/#\/schema\/person\/0225762f01528355050674b6a90ec489","name":"Anik Chatterjee","url":"https:\/\/www.vmedia.ca\/blog\/fr\/author\/anik-chatterjee\/"}]}},"modified_by":"Viktoria Malyshko","amp_enabled":true,"_links":{"self":[{"href":"https:\/\/www.vmedia.ca\/blog\/fr\/wp-json\/wp\/v2\/posts\/885"}],"collection":[{"href":"https:\/\/www.vmedia.ca\/blog\/fr\/wp-json\/wp\/v2\/posts"}],"about":[{"href":"https:\/\/www.vmedia.ca\/blog\/fr\/wp-json\/wp\/v2\/types\/post"}],"author":[{"embeddable":true,"href":"https:\/\/www.vmedia.ca\/blog\/fr\/wp-json\/wp\/v2\/users\/10"}],"replies":[{"embeddable":true,"href":"https:\/\/www.vmedia.ca\/blog\/fr\/wp-json\/wp\/v2\/comments?post=885"}],"version-history":[{"count":8,"href":"https:\/\/www.vmedia.ca\/blog\/fr\/wp-json\/wp\/v2\/posts\/885\/revisions"}],"predecessor-version":[{"id":5019,"href":"https:\/\/www.vmedia.ca\/blog\/fr\/wp-json\/wp\/v2\/posts\/885\/revisions\/5019"}],"wp:attachment":[{"href":"https:\/\/www.vmedia.ca\/blog\/fr\/wp-json\/wp\/v2\/media?parent=885"}],"wp:term":[{"taxonomy":"category","embeddable":true,"href":"https:\/\/www.vmedia.ca\/blog\/fr\/wp-json\/wp\/v2\/categories?post=885"},{"taxonomy":"post_tag","embeddable":true,"href":"https:\/\/www.vmedia.ca\/blog\/fr\/wp-json\/wp\/v2\/tags?post=885"}],"curies":[{"name":"wp","href":"https:\/\/api.w.org\/{rel}","templated":true}]}}