{"id":1005,"date":"2017-05-11T14:50:35","date_gmt":"2017-05-11T19:50:35","guid":{"rendered":"http:\/\/www.vmedia.ca\/blog\/?p=1005"},"modified":"2022-10-04T12:56:48","modified_gmt":"2022-10-04T17:56:48","slug":"vmedia-ete-selectionnee-pour-fournir-de-la-television-pour-la-communaute-des-premieres-nations-wikwemikong","status":"publish","type":"post","link":"https:\/\/www.vmedia.ca\/blog\/fr\/vmedia-ete-selectionnee-pour-fournir-de-la-television-pour-la-communaute-des-premieres-nations-wikwemikong\/","title":{"rendered":"VMedia  a \u00e9t\u00e9 s\u00e9lectionn\u00e9e pour fournir de la t\u00e9l\u00e9vision pour la Communaut\u00e9  des Premi\u00e8res nations Wikwemikong"},"content":{"rendered":"<p><a href=\"https:\/\/www.vmedia.ca\/blog\/wp-content\/uploads\/2017\/05\/first-tel-blog-e1494531891214.jpg\"><img loading=\"lazy\" decoding=\"async\" class=\"alignnone size-full wp-image-1006\" src=\"https:\/\/www.vmedia.ca\/blog\/wp-content\/uploads\/2017\/05\/first-tel-blog-e1494531891214.jpg\" alt=\"first-tel-blog\" width=\"700\" height=\"368\" \/><\/a>VMEDIA a \u00e9t\u00e9 s\u00e9lectionn\u00e9e par FirstTel Communications Corp. pour fournir des services de t\u00e9l\u00e9vision pour Wikwemikong\u00a0 une communaut\u00e9 des Premi\u00e8res nations sur l&#8217;\u00eele Manitoulin.<\/p>\n<p>FirstTel est une soci\u00e9t\u00e9 de t\u00e9l\u00e9communications locale d\u00e9tenue et exploit\u00e9e par la r\u00e9serve de Wikwemikong qui fournit des services Internet, t\u00e9l\u00e9visuels et t\u00e9l\u00e9phoniques \u00e0 la communaut\u00e9. (VMedia est la partie TV de leur offre de Trio). L&#8217;annonce formelle a eu lieu aujourd&#8217;hui lors d&#8217;une c\u00e9l\u00e9bration \u00e0 laquelle ont assist\u00e9 plus de 100 membres de la communaut\u00e9, y compris le chef Duke Peltier, qui a fait les remarques pr\u00e9liminaires.<\/p>\n<p>Avec le soutien de programmes f\u00e9d\u00e9raux pour encourager la connectivit\u00e9 \u00e0 large bande, FirstTel est capable de proposer un acc\u00e8s internet haute vitesse \u00e0 la communaut\u00e9 et VMedia est tr\u00e8s fi\u00e8re d&#8217;avoir \u00e9t\u00e9 choisie pour fournir des services de t\u00e9l\u00e9vision et notre plate-forme unique TV \/ OTT.<\/p>\n<p>&nbsp;<\/p>\n<p>&nbsp;<\/p>\n<p>&nbsp;<\/p>\n<p><a href=\"https:\/\/www.vmedia.ca\/blog\/wp-content\/uploads\/2017\/05\/first-tel-blog-e1494531891214.jpg\"><img loading=\"lazy\" decoding=\"async\" class=\"alignnone size-full wp-image-1006\" src=\"https:\/\/www.vmedia.ca\/blog\/wp-content\/uploads\/2017\/05\/first-tel-blog-e1494531891214.jpg\" alt=\"first-tel-blog\" width=\"700\" height=\"368\" \/><\/a>VMEDIA a \u00e9t\u00e9 s\u00e9lectionn\u00e9e par FirstTel Communications Corp. pour fournir des services de t\u00e9l\u00e9vision pour Wikwemikong\u00a0 une communaut\u00e9 des Premi\u00e8res nations sur l&#8217;\u00eele Manitoulin.<\/p>\n<p>FirstTel est une soci\u00e9t\u00e9 de t\u00e9l\u00e9communications locale d\u00e9tenue et exploit\u00e9e par la r\u00e9serve de Wikwemikong qui fournit des services Internet, t\u00e9l\u00e9visuels et t\u00e9l\u00e9phoniques \u00e0 la communaut\u00e9. (VMedia est la partie TV de leur offre de Trio). L&#8217;annonce formelle a eu lieu aujourd&#8217;hui lors d&#8217;une c\u00e9l\u00e9bration \u00e0 laquelle ont assist\u00e9 plus de 100 membres de la communaut\u00e9, y compris le chef Duke Peltier, qui a fait les remarques pr\u00e9liminaires.<\/p>\n<p>Avec le soutien de programmes f\u00e9d\u00e9raux pour encourager la connectivit\u00e9 \u00e0 large bande, FirstTel est capable de proposer un acc\u00e8s internet haute vitesse \u00e0 la communaut\u00e9 et VMedia est tr\u00e8s fi\u00e8re d&#8217;avoir \u00e9t\u00e9 choisie pour fournir des services de t\u00e9l\u00e9vision et notre plate-forme unique TV \/ OTT.<\/p>\n<p>&nbsp;<\/p>\n<p>&nbsp;<\/p>\n<p>&nbsp;<\/p>\n<p><\/p>","protected":false},"excerpt":{"rendered":"<p>VMEDIA a \u00e9t\u00e9 s\u00e9lectionn\u00e9e par FirstTel Communications Corp. pour fournir des services de t\u00e9l\u00e9vision pour Wikwemikong\u00a0 une communaut\u00e9 des Premi\u00e8res nations sur l&#8217;\u00eele Manitoulin. FirstTel est une soci\u00e9t\u00e9 de t\u00e9l\u00e9communications locale d\u00e9tenue et exploit\u00e9e par la r\u00e9serve de Wikwemikong qui fournit des services Internet, t\u00e9l\u00e9visuels et t\u00e9l\u00e9phoniques \u00e0 la communaut\u00e9. (VMedia est la partie TV [&hellip;]<\/p>\n","protected":false},"author":7,"featured_media":0,"comment_status":"open","ping_status":"open","sticky":false,"template":"","format":"standard","meta":{"_lmt_disableupdate":"no","_lmt_disable":"no","footnotes":""},"categories":[1558],"tags":[],"yoast_head":"<!-- This site is optimized with the Yoast SEO Premium plugin v18.1 (Yoast SEO v22.3) - https:\/\/yoast.com\/wordpress\/plugins\/seo\/ -->\n<title>VMedia a \u00e9t\u00e9 s\u00e9lectionn\u00e9e pour fournir de la t\u00e9l\u00e9vision pour la Communaut\u00e9 des Premi\u00e8res nations Wikwemikong - VMedia Blogue<\/title>\n<meta name=\"robots\" content=\"noindex, follow\" \/>\n<meta property=\"og:locale\" content=\"fr_CA\" \/>\n<meta property=\"og:type\" content=\"article\" \/>\n<meta property=\"og:title\" content=\"VMedia a \u00e9t\u00e9 s\u00e9lectionn\u00e9e pour fournir de la t\u00e9l\u00e9vision pour la Communaut\u00e9 des Premi\u00e8res nations Wikwemikong\" \/>\n<meta property=\"og:description\" content=\"VMEDIA a \u00e9t\u00e9 s\u00e9lectionn\u00e9e par FirstTel Communications Corp. pour fournir des services de t\u00e9l\u00e9vision pour Wikwemikong\u00a0 une communaut\u00e9 des Premi\u00e8res nations sur l&#8217;\u00eele Manitoulin. FirstTel est une soci\u00e9t\u00e9 de t\u00e9l\u00e9communications locale d\u00e9tenue et exploit\u00e9e par la r\u00e9serve de Wikwemikong qui fournit des services Internet, t\u00e9l\u00e9visuels et t\u00e9l\u00e9phoniques \u00e0 la communaut\u00e9. (VMedia est la partie TV\" \/>\n<meta property=\"og:url\" content=\"https:\/\/www.vmedia.ca\/blog\/fr\/vmedia-ete-selectionnee-pour-fournir-de-la-television-pour-la-communaute-des-premieres-nations-wikwemikong\/\" \/>\n<meta property=\"og:site_name\" content=\"VMedia Blogue\" \/>\n<meta property=\"article:published_time\" content=\"2017-05-11T19:50:35+00:00\" \/>\n<meta property=\"article:modified_time\" content=\"2022-10-04T17:56:48+00:00\" \/>\n<meta property=\"og:image\" content=\"https:\/\/www.vmedia.ca\/blog\/wp-content\/uploads\/2017\/05\/first-tel-blog-e1494531891214.jpg\" \/>\n<meta name=\"author\" content=\"Matthew Sokolowski\" \/>\n<meta name=\"twitter:card\" content=\"summary_large_image\" \/>\n<meta name=\"twitter:label1\" content=\"Written by\" \/>\n\t<meta name=\"twitter:data1\" content=\"Matthew Sokolowski\" \/>\n\t<meta name=\"twitter:label2\" content=\"Est. reading time\" \/>\n\t<meta name=\"twitter:data2\" content=\"2 minutes\" \/>\n<script type=\"application\/ld+json\" class=\"yoast-schema-graph\">{\"@context\":\"https:\/\/schema.org\",\"@graph\":[{\"@type\":\"WebPage\",\"@id\":\"https:\/\/www.vmedia.ca\/blog\/fr\/vmedia-ete-selectionnee-pour-fournir-de-la-television-pour-la-communaute-des-premieres-nations-wikwemikong\/\",\"url\":\"https:\/\/www.vmedia.ca\/blog\/fr\/vmedia-ete-selectionnee-pour-fournir-de-la-television-pour-la-communaute-des-premieres-nations-wikwemikong\/\",\"name\":\"VMedia a \u00e9t\u00e9 s\u00e9lectionn\u00e9e pour fournir de la t\u00e9l\u00e9vision pour la Communaut\u00e9 des Premi\u00e8res nations Wikwemikong - VMedia Blogue\",\"isPartOf\":{\"@id\":\"https:\/\/preview.vmedia.ca\/blog\/en\/#website\"},\"primaryImageOfPage\":{\"@id\":\"https:\/\/www.vmedia.ca\/blog\/fr\/vmedia-ete-selectionnee-pour-fournir-de-la-television-pour-la-communaute-des-premieres-nations-wikwemikong\/#primaryimage\"},\"image\":{\"@id\":\"https:\/\/www.vmedia.ca\/blog\/fr\/vmedia-ete-selectionnee-pour-fournir-de-la-television-pour-la-communaute-des-premieres-nations-wikwemikong\/#primaryimage\"},\"thumbnailUrl\":\"https:\/\/www.vmedia.ca\/blog\/wp-content\/uploads\/2017\/05\/first-tel-blog-e1494531891214.jpg\",\"datePublished\":\"2017-05-11T19:50:35+00:00\",\"dateModified\":\"2022-10-04T17:56:48+00:00\",\"author\":{\"@id\":\"https:\/\/preview.vmedia.ca\/blog\/en\/#\/schema\/person\/05355cf3c6e08ec50a3d4db71848146c\"},\"breadcrumb\":{\"@id\":\"https:\/\/www.vmedia.ca\/blog\/fr\/vmedia-ete-selectionnee-pour-fournir-de-la-television-pour-la-communaute-des-premieres-nations-wikwemikong\/#breadcrumb\"},\"inLanguage\":\"fr-CA\",\"potentialAction\":[{\"@type\":\"ReadAction\",\"target\":[\"https:\/\/www.vmedia.ca\/blog\/fr\/vmedia-ete-selectionnee-pour-fournir-de-la-television-pour-la-communaute-des-premieres-nations-wikwemikong\/\"]}]},{\"@type\":\"ImageObject\",\"inLanguage\":\"fr-CA\",\"@id\":\"https:\/\/www.vmedia.ca\/blog\/fr\/vmedia-ete-selectionnee-pour-fournir-de-la-television-pour-la-communaute-des-premieres-nations-wikwemikong\/#primaryimage\",\"url\":\"https:\/\/www.vmedia.ca\/blog\/wp-content\/uploads\/2017\/05\/first-tel-blog-e1494531891214.jpg\",\"contentUrl\":\"https:\/\/www.vmedia.ca\/blog\/wp-content\/uploads\/2017\/05\/first-tel-blog-e1494531891214.jpg\"},{\"@type\":\"BreadcrumbList\",\"@id\":\"https:\/\/www.vmedia.ca\/blog\/fr\/vmedia-ete-selectionnee-pour-fournir-de-la-television-pour-la-communaute-des-premieres-nations-wikwemikong\/#breadcrumb\",\"itemListElement\":[{\"@type\":\"ListItem\",\"position\":1,\"name\":\"Home\",\"item\":\"https:\/\/preview.vmedia.ca\/blog\/en\/\"},{\"@type\":\"ListItem\",\"position\":2,\"name\":\"VMedia a \u00e9t\u00e9 s\u00e9lectionn\u00e9e pour fournir de la t\u00e9l\u00e9vision pour la Communaut\u00e9 des Premi\u00e8res nations Wikwemikong\"}]},{\"@type\":\"WebSite\",\"@id\":\"https:\/\/preview.vmedia.ca\/blog\/en\/#website\",\"url\":\"https:\/\/preview.vmedia.ca\/blog\/en\/\",\"name\":\"VMedia Blogue\",\"description\":\"TV et Internet Service Provider\",\"potentialAction\":[{\"@type\":\"SearchAction\",\"target\":{\"@type\":\"EntryPoint\",\"urlTemplate\":\"https:\/\/preview.vmedia.ca\/blog\/en\/?s={search_term_string}\"},\"query-input\":\"required name=search_term_string\"}],\"inLanguage\":\"fr-CA\"},{\"@type\":\"Person\",\"@id\":\"https:\/\/preview.vmedia.ca\/blog\/en\/#\/schema\/person\/05355cf3c6e08ec50a3d4db71848146c\",\"name\":\"Matthew Sokolowski\",\"url\":\"https:\/\/www.vmedia.ca\/blog\/fr\/author\/matthew\/\"}]}<\/script>\n<!-- \/ Yoast SEO Premium plugin. -->","yoast_head_json":{"title":"VMedia a \u00e9t\u00e9 s\u00e9lectionn\u00e9e pour fournir de la t\u00e9l\u00e9vision pour la Communaut\u00e9 des Premi\u00e8res nations Wikwemikong - VMedia Blogue","robots":{"index":"noindex","follow":"follow"},"og_locale":"fr_CA","og_type":"article","og_title":"VMedia a \u00e9t\u00e9 s\u00e9lectionn\u00e9e pour fournir de la t\u00e9l\u00e9vision pour la Communaut\u00e9 des Premi\u00e8res nations Wikwemikong","og_description":"VMEDIA a \u00e9t\u00e9 s\u00e9lectionn\u00e9e par FirstTel Communications Corp. pour fournir des services de t\u00e9l\u00e9vision pour Wikwemikong\u00a0 une communaut\u00e9 des Premi\u00e8res nations sur l&#8217;\u00eele Manitoulin. FirstTel est une soci\u00e9t\u00e9 de t\u00e9l\u00e9communications locale d\u00e9tenue et exploit\u00e9e par la r\u00e9serve de Wikwemikong qui fournit des services Internet, t\u00e9l\u00e9visuels et t\u00e9l\u00e9phoniques \u00e0 la communaut\u00e9. (VMedia est la partie TV","og_url":"https:\/\/www.vmedia.ca\/blog\/fr\/vmedia-ete-selectionnee-pour-fournir-de-la-television-pour-la-communaute-des-premieres-nations-wikwemikong\/","og_site_name":"VMedia Blogue","article_published_time":"2017-05-11T19:50:35+00:00","article_modified_time":"2022-10-04T17:56:48+00:00","og_image":[{"url":"https:\/\/www.vmedia.ca\/blog\/wp-content\/uploads\/2017\/05\/first-tel-blog-e1494531891214.jpg"}],"author":"Matthew Sokolowski","twitter_card":"summary_large_image","twitter_misc":{"Written by":"Matthew Sokolowski","Est. reading time":"2 minutes"},"schema":{"@context":"https:\/\/schema.org","@graph":[{"@type":"WebPage","@id":"https:\/\/www.vmedia.ca\/blog\/fr\/vmedia-ete-selectionnee-pour-fournir-de-la-television-pour-la-communaute-des-premieres-nations-wikwemikong\/","url":"https:\/\/www.vmedia.ca\/blog\/fr\/vmedia-ete-selectionnee-pour-fournir-de-la-television-pour-la-communaute-des-premieres-nations-wikwemikong\/","name":"VMedia a \u00e9t\u00e9 s\u00e9lectionn\u00e9e pour fournir de la t\u00e9l\u00e9vision pour la Communaut\u00e9 des Premi\u00e8res nations Wikwemikong - VMedia Blogue","isPartOf":{"@id":"https:\/\/preview.vmedia.ca\/blog\/en\/#website"},"primaryImageOfPage":{"@id":"https:\/\/www.vmedia.ca\/blog\/fr\/vmedia-ete-selectionnee-pour-fournir-de-la-television-pour-la-communaute-des-premieres-nations-wikwemikong\/#primaryimage"},"image":{"@id":"https:\/\/www.vmedia.ca\/blog\/fr\/vmedia-ete-selectionnee-pour-fournir-de-la-television-pour-la-communaute-des-premieres-nations-wikwemikong\/#primaryimage"},"thumbnailUrl":"https:\/\/www.vmedia.ca\/blog\/wp-content\/uploads\/2017\/05\/first-tel-blog-e1494531891214.jpg","datePublished":"2017-05-11T19:50:35+00:00","dateModified":"2022-10-04T17:56:48+00:00","author":{"@id":"https:\/\/preview.vmedia.ca\/blog\/en\/#\/schema\/person\/05355cf3c6e08ec50a3d4db71848146c"},"breadcrumb":{"@id":"https:\/\/www.vmedia.ca\/blog\/fr\/vmedia-ete-selectionnee-pour-fournir-de-la-television-pour-la-communaute-des-premieres-nations-wikwemikong\/#breadcrumb"},"inLanguage":"fr-CA","potentialAction":[{"@type":"ReadAction","target":["https:\/\/www.vmedia.ca\/blog\/fr\/vmedia-ete-selectionnee-pour-fournir-de-la-television-pour-la-communaute-des-premieres-nations-wikwemikong\/"]}]},{"@type":"ImageObject","inLanguage":"fr-CA","@id":"https:\/\/www.vmedia.ca\/blog\/fr\/vmedia-ete-selectionnee-pour-fournir-de-la-television-pour-la-communaute-des-premieres-nations-wikwemikong\/#primaryimage","url":"https:\/\/www.vmedia.ca\/blog\/wp-content\/uploads\/2017\/05\/first-tel-blog-e1494531891214.jpg","contentUrl":"https:\/\/www.vmedia.ca\/blog\/wp-content\/uploads\/2017\/05\/first-tel-blog-e1494531891214.jpg"},{"@type":"BreadcrumbList","@id":"https:\/\/www.vmedia.ca\/blog\/fr\/vmedia-ete-selectionnee-pour-fournir-de-la-television-pour-la-communaute-des-premieres-nations-wikwemikong\/#breadcrumb","itemListElement":[{"@type":"ListItem","position":1,"name":"Home","item":"https:\/\/preview.vmedia.ca\/blog\/en\/"},{"@type":"ListItem","position":2,"name":"VMedia a \u00e9t\u00e9 s\u00e9lectionn\u00e9e pour fournir de la t\u00e9l\u00e9vision pour la Communaut\u00e9 des Premi\u00e8res nations Wikwemikong"}]},{"@type":"WebSite","@id":"https:\/\/preview.vmedia.ca\/blog\/en\/#website","url":"https:\/\/preview.vmedia.ca\/blog\/en\/","name":"VMedia Blogue","description":"TV et Internet Service Provider","potentialAction":[{"@type":"SearchAction","target":{"@type":"EntryPoint","urlTemplate":"https:\/\/preview.vmedia.ca\/blog\/en\/?s={search_term_string}"},"query-input":"required name=search_term_string"}],"inLanguage":"fr-CA"},{"@type":"Person","@id":"https:\/\/preview.vmedia.ca\/blog\/en\/#\/schema\/person\/05355cf3c6e08ec50a3d4db71848146c","name":"Matthew Sokolowski","url":"https:\/\/www.vmedia.ca\/blog\/fr\/author\/matthew\/"}]}},"modified_by":"Viktoria Malyshko","amp_enabled":true,"_links":{"self":[{"href":"https:\/\/www.vmedia.ca\/blog\/fr\/wp-json\/wp\/v2\/posts\/1005"}],"collection":[{"href":"https:\/\/www.vmedia.ca\/blog\/fr\/wp-json\/wp\/v2\/posts"}],"about":[{"href":"https:\/\/www.vmedia.ca\/blog\/fr\/wp-json\/wp\/v2\/types\/post"}],"author":[{"embeddable":true,"href":"https:\/\/www.vmedia.ca\/blog\/fr\/wp-json\/wp\/v2\/users\/7"}],"replies":[{"embeddable":true,"href":"https:\/\/www.vmedia.ca\/blog\/fr\/wp-json\/wp\/v2\/comments?post=1005"}],"version-history":[{"count":8,"href":"https:\/\/www.vmedia.ca\/blog\/fr\/wp-json\/wp\/v2\/posts\/1005\/revisions"}],"predecessor-version":[{"id":4848,"href":"https:\/\/www.vmedia.ca\/blog\/fr\/wp-json\/wp\/v2\/posts\/1005\/revisions\/4848"}],"wp:attachment":[{"href":"https:\/\/www.vmedia.ca\/blog\/fr\/wp-json\/wp\/v2\/media?parent=1005"}],"wp:term":[{"taxonomy":"category","embeddable":true,"href":"https:\/\/www.vmedia.ca\/blog\/fr\/wp-json\/wp\/v2\/categories?post=1005"},{"taxonomy":"post_tag","embeddable":true,"href":"https:\/\/www.vmedia.ca\/blog\/fr\/wp-json\/wp\/v2\/tags?post=1005"}],"curies":[{"name":"wp","href":"https:\/\/api.w.org\/{rel}","templated":true}]}}