{"id":752,"date":"2016-06-02T10:03:39","date_gmt":"2016-06-02T15:03:39","guid":{"rendered":"http:\/\/www.vmedia.ca\/blog\/?p=752"},"modified":"2023-01-09T18:50:20","modified_gmt":"2023-01-09T23:50:20","slug":"la-tele-vmedia-maintenant-accessible-au-quebecois","status":"publish","type":"post","link":"https:\/\/www.vmedia.ca\/blog\/en\/la-tele-vmedia-maintenant-accessible-au-quebecois\/","title":{"rendered":"La t\u00e9l\u00e9 VMedia maintenant accessible au qu\u00e9b\u00e9cois!"},"content":{"rendered":"<p>[vc_row][vc_column][vc_column_text]<img loading=\"lazy\" decoding=\"async\" class=\"aligncenter size-full wp-image-753\" src=\"https:\/\/www.vmedia.ca\/blog\/wp-content\/uploads\/2016\/06\/VMEDIA_blog_apptv_theme_FR.jpg\" alt=\"VMEDIA_blog_app+tv_theme_FR\" width=\"700\" height=\"355\" srcset=\"https:\/\/www.vmedia.ca\/blog\/wp-content\/uploads\/2016\/06\/VMEDIA_blog_apptv_theme_FR.jpg 700w, https:\/\/www.vmedia.ca\/blog\/wp-content\/uploads\/2016\/06\/VMEDIA_blog_apptv_theme_FR-300x152.jpg 300w, https:\/\/www.vmedia.ca\/blog\/wp-content\/uploads\/2016\/06\/VMEDIA_blog_apptv_theme_FR-624x316.jpg 624w\" sizes=\"(max-width: 700px) 100vw, 700px\" \/><\/p>\n<p>1<sup>er<\/sup> juin 2016 \u2013 VMedia a annonc\u00e9 le lancement de son service t\u00e9l\u00e9 innovateur au m\u00e9dia qu\u00e9b\u00e9cois hier dans son bureau et centre d\u2019appel montr\u00e9alais r\u00e9cemment \u00e9tabli. En plus de ses forfaits d\u2019Internet illimit\u00e9s et de t\u00e9l\u00e9phonie d\u00e9j\u00e0 disponibles dans la province, VMedia fourni maintenant des services t\u00e9l\u00e9 avec des forfaits t\u00e9l\u00e9 \u00e0 \u00a0bas prix, un tas de choix et de souplesse, et tous les fonctionnalit\u00e9s sympa de la VBox.<\/p>\n<p>George Burger, cofondateur de VMedia, et Andr\u00e9 Charrette, Directeur G\u00e9n\u00e9rale de VMedia au Qu\u00e9bec, ont tous deux \u00e9t\u00e9 interview\u00e9 par des reporteurs et des journalistes, et ont aussi fait des d\u00e9monstrations en direct de la t\u00e9l\u00e9 VMedia et de la VBox dans le courant de la journ\u00e9e.<\/p>\n<p>Les m\u00e9dias qu\u00e9b\u00e9cois \u00e9taient tr\u00e8s int\u00e9ress\u00e9 d\u2019en savoir plus sur les bas prix \u00a0de VMedia, et il est \u00e9vident que le march\u00e9 ainsi que les consommateurs au Qu\u00e9bec sont pr\u00eat pour la solution de meilleure valeur aux grandes compagnies. Voici des liens aux articles \u00e9crient par Jean-Fran\u00e7ois Cod\u00e8re, reporteur de business et technologie pour La Presse, et Yves Therrien, reporteur de consommation et technologie pour Le Soleil.<\/p>\n<ul>\n<li><a href=\"http:\/\/affaires.lapresse.ca\/economie\/medias-et-telecoms\/201606\/01\/01-4987216-tele-et-internet-un-nouvel-acteur-a-bas-prix.php\">http:\/\/affaires.lapresse.ca\/economie\/medias-et-telecoms\/201606\/01\/01-4987216-tele-et-internet-un-nouvel-acteur-a-bas-prix.php<\/a><\/li>\n<\/ul>\n<p>&nbsp;<\/p>\n<p>Les forfaits t\u00e9l\u00e9 VMedia d\u00e9bute \u00e0 17,95 $ pour plus de 25 chaines, avec l\u2019\u00c9conomique, ou sinon, vous pouvez profiter de l\u2019Essentiel avec plus de 40 chaines \u00e0 29,95 $, ou du Complet, incluant plus de 60 chaines superbes, avec des chaines sp\u00e9cialis\u00e9s comme RDS, S\u00e9ries+, LCN, RDI, Canal D, Canal Vie, T\u00e9l\u00e9toon, Disney, TVA Sports, et bien plus encore.<\/p>\n<p>[\/vc_column_text][\/vc_column][\/vc_row]<\/p>","protected":false},"excerpt":{"rendered":"<p>[vc_row][vc_column][vc_column_text] 1er juin 2016 \u2013 VMedia a annonc\u00e9 le lancement de son service t\u00e9l\u00e9 innovateur au m\u00e9dia qu\u00e9b\u00e9cois hier dans son bureau et centre d\u2019appel montr\u00e9alais r\u00e9cemment \u00e9tabli. En plus de ses forfaits d\u2019Internet illimit\u00e9s et de t\u00e9l\u00e9phonie d\u00e9j\u00e0 disponibles dans la province, VMedia fourni maintenant des services t\u00e9l\u00e9 avec des forfaits t\u00e9l\u00e9 \u00e0 \u00a0bas [&hellip;]<\/p>\n","protected":false},"author":10,"featured_media":0,"comment_status":"open","ping_status":"open","sticky":false,"template":"","format":"standard","meta":{"_lmt_disableupdate":"no","_lmt_disable":"no","footnotes":""},"categories":[1558],"tags":[],"yoast_head":"<!-- This site is optimized with the Yoast SEO Premium plugin v18.1 (Yoast SEO v22.3) - https:\/\/yoast.com\/wordpress\/plugins\/seo\/ -->\n<title>La t\u00e9l\u00e9 VMedia maintenant accessible au qu\u00e9b\u00e9cois! - VMedia Blog<\/title>\n<meta name=\"robots\" content=\"noindex, follow\" \/>\n<meta property=\"og:locale\" content=\"en_US\" \/>\n<meta property=\"og:type\" content=\"article\" \/>\n<meta property=\"og:title\" content=\"La t\u00e9l\u00e9 VMedia maintenant accessible au qu\u00e9b\u00e9cois!\" \/>\n<meta property=\"og:description\" content=\"1er juin 2016 \u2013 VMedia a annonc\u00e9 le lancement de son service t\u00e9l\u00e9 innovateur au m\u00e9dia qu\u00e9b\u00e9cois hier dans son bureau et centre d\u2019appel montr\u00e9alais r\u00e9cemment \u00e9tabli. En plus de ses forfaits d\u2019Internet illimit\u00e9s et de t\u00e9l\u00e9phonie d\u00e9j\u00e0 disponibles dans la province, VMedia fourni maintenant des services t\u00e9l\u00e9 avec des forfaits t\u00e9l\u00e9 \u00e0 \u00a0bas\" \/>\n<meta property=\"og:url\" content=\"https:\/\/www.vmedia.ca\/blog\/fr\/la-tele-vmedia-maintenant-accessible-au-quebecois\/\" \/>\n<meta property=\"og:site_name\" content=\"VMedia Blog\" \/>\n<meta property=\"article:published_time\" content=\"2016-06-02T15:03:39+00:00\" \/>\n<meta property=\"article:modified_time\" content=\"2023-01-09T23:50:20+00:00\" \/>\n<meta property=\"og:image\" content=\"https:\/\/www.vmedia.ca\/blog\/wp-content\/uploads\/2020\/07\/VMedia_Blog-e1594414350121.jpg\" \/>\n\t<meta property=\"og:image:width\" content=\"700\" \/>\n\t<meta property=\"og:image:height\" content=\"408\" \/>\n\t<meta property=\"og:image:type\" content=\"image\/jpeg\" \/>\n<meta name=\"author\" content=\"Anik Chatterjee\" \/>\n<meta name=\"twitter:card\" content=\"summary_large_image\" \/>\n<meta name=\"twitter:label1\" content=\"Written by\" \/>\n\t<meta name=\"twitter:data1\" content=\"Anik Chatterjee\" \/>\n\t<meta name=\"twitter:label2\" content=\"Est. reading time\" \/>\n\t<meta name=\"twitter:data2\" content=\"2 minutes\" \/>\n<script type=\"application\/ld+json\" class=\"yoast-schema-graph\">{\"@context\":\"https:\/\/schema.org\",\"@graph\":[{\"@type\":\"WebPage\",\"@id\":\"https:\/\/www.vmedia.ca\/blog\/fr\/la-tele-vmedia-maintenant-accessible-au-quebecois\/\",\"url\":\"https:\/\/www.vmedia.ca\/blog\/fr\/la-tele-vmedia-maintenant-accessible-au-quebecois\/\",\"name\":\"La t\u00e9l\u00e9 VMedia maintenant accessible au qu\u00e9b\u00e9cois! - VMedia Blog\",\"isPartOf\":{\"@id\":\"https:\/\/www.vmedia.ca\/blog\/en\/#website\"},\"primaryImageOfPage\":{\"@id\":\"https:\/\/www.vmedia.ca\/blog\/fr\/la-tele-vmedia-maintenant-accessible-au-quebecois\/#primaryimage\"},\"image\":{\"@id\":\"https:\/\/www.vmedia.ca\/blog\/fr\/la-tele-vmedia-maintenant-accessible-au-quebecois\/#primaryimage\"},\"thumbnailUrl\":\"https:\/\/www.vmedia.ca\/blog\/wp-content\/uploads\/2016\/06\/VMEDIA_blog_apptv_theme_FR.jpg\",\"datePublished\":\"2016-06-02T15:03:39+00:00\",\"dateModified\":\"2023-01-09T23:50:20+00:00\",\"author\":{\"@id\":\"https:\/\/www.vmedia.ca\/blog\/en\/#\/schema\/person\/0225762f01528355050674b6a90ec489\"},\"breadcrumb\":{\"@id\":\"https:\/\/www.vmedia.ca\/blog\/fr\/la-tele-vmedia-maintenant-accessible-au-quebecois\/#breadcrumb\"},\"inLanguage\":\"en-CA\",\"potentialAction\":[{\"@type\":\"ReadAction\",\"target\":[\"https:\/\/www.vmedia.ca\/blog\/fr\/la-tele-vmedia-maintenant-accessible-au-quebecois\/\"]}]},{\"@type\":\"ImageObject\",\"inLanguage\":\"en-CA\",\"@id\":\"https:\/\/www.vmedia.ca\/blog\/fr\/la-tele-vmedia-maintenant-accessible-au-quebecois\/#primaryimage\",\"url\":\"https:\/\/www.vmedia.ca\/blog\/wp-content\/uploads\/2016\/06\/VMEDIA_blog_apptv_theme_FR.jpg\",\"contentUrl\":\"https:\/\/www.vmedia.ca\/blog\/wp-content\/uploads\/2016\/06\/VMEDIA_blog_apptv_theme_FR.jpg\"},{\"@type\":\"BreadcrumbList\",\"@id\":\"https:\/\/www.vmedia.ca\/blog\/fr\/la-tele-vmedia-maintenant-accessible-au-quebecois\/#breadcrumb\",\"itemListElement\":[{\"@type\":\"ListItem\",\"position\":1,\"name\":\"Home\",\"item\":\"https:\/\/www.vmedia.ca\/blog\/en\/\"},{\"@type\":\"ListItem\",\"position\":2,\"name\":\"La t\u00e9l\u00e9 VMedia maintenant accessible au qu\u00e9b\u00e9cois!\"}]},{\"@type\":\"WebSite\",\"@id\":\"https:\/\/www.vmedia.ca\/blog\/en\/#website\",\"url\":\"https:\/\/www.vmedia.ca\/blog\/en\/\",\"name\":\"VMedia Blog\",\"description\":\"TV and Internet Service Provider\",\"potentialAction\":[{\"@type\":\"SearchAction\",\"target\":{\"@type\":\"EntryPoint\",\"urlTemplate\":\"https:\/\/www.vmedia.ca\/blog\/en\/?s={search_term_string}\"},\"query-input\":\"required name=search_term_string\"}],\"inLanguage\":\"en-CA\"},{\"@type\":\"Person\",\"@id\":\"https:\/\/www.vmedia.ca\/blog\/en\/#\/schema\/person\/0225762f01528355050674b6a90ec489\",\"name\":\"Anik Chatterjee\",\"url\":\"https:\/\/www.vmedia.ca\/blog\/en\/author\/anik-chatterjee\/\"}]}<\/script>\n<!-- \/ Yoast SEO Premium plugin. -->","yoast_head_json":{"title":"La t\u00e9l\u00e9 VMedia maintenant accessible au qu\u00e9b\u00e9cois! - VMedia Blog","robots":{"index":"noindex","follow":"follow"},"og_locale":"en_US","og_type":"article","og_title":"La t\u00e9l\u00e9 VMedia maintenant accessible au qu\u00e9b\u00e9cois!","og_description":"1er juin 2016 \u2013 VMedia a annonc\u00e9 le lancement de son service t\u00e9l\u00e9 innovateur au m\u00e9dia qu\u00e9b\u00e9cois hier dans son bureau et centre d\u2019appel montr\u00e9alais r\u00e9cemment \u00e9tabli. En plus de ses forfaits d\u2019Internet illimit\u00e9s et de t\u00e9l\u00e9phonie d\u00e9j\u00e0 disponibles dans la province, VMedia fourni maintenant des services t\u00e9l\u00e9 avec des forfaits t\u00e9l\u00e9 \u00e0 \u00a0bas","og_url":"https:\/\/www.vmedia.ca\/blog\/fr\/la-tele-vmedia-maintenant-accessible-au-quebecois\/","og_site_name":"VMedia Blog","article_published_time":"2016-06-02T15:03:39+00:00","article_modified_time":"2023-01-09T23:50:20+00:00","og_image":[{"width":700,"height":408,"url":"https:\/\/www.vmedia.ca\/blog\/wp-content\/uploads\/2020\/07\/VMedia_Blog-e1594414350121.jpg","type":"image\/jpeg"}],"author":"Anik Chatterjee","twitter_card":"summary_large_image","twitter_misc":{"Written by":"Anik Chatterjee","Est. reading time":"2 minutes"},"schema":{"@context":"https:\/\/schema.org","@graph":[{"@type":"WebPage","@id":"https:\/\/www.vmedia.ca\/blog\/fr\/la-tele-vmedia-maintenant-accessible-au-quebecois\/","url":"https:\/\/www.vmedia.ca\/blog\/fr\/la-tele-vmedia-maintenant-accessible-au-quebecois\/","name":"La t\u00e9l\u00e9 VMedia maintenant accessible au qu\u00e9b\u00e9cois! - VMedia Blog","isPartOf":{"@id":"https:\/\/www.vmedia.ca\/blog\/en\/#website"},"primaryImageOfPage":{"@id":"https:\/\/www.vmedia.ca\/blog\/fr\/la-tele-vmedia-maintenant-accessible-au-quebecois\/#primaryimage"},"image":{"@id":"https:\/\/www.vmedia.ca\/blog\/fr\/la-tele-vmedia-maintenant-accessible-au-quebecois\/#primaryimage"},"thumbnailUrl":"https:\/\/www.vmedia.ca\/blog\/wp-content\/uploads\/2016\/06\/VMEDIA_blog_apptv_theme_FR.jpg","datePublished":"2016-06-02T15:03:39+00:00","dateModified":"2023-01-09T23:50:20+00:00","author":{"@id":"https:\/\/www.vmedia.ca\/blog\/en\/#\/schema\/person\/0225762f01528355050674b6a90ec489"},"breadcrumb":{"@id":"https:\/\/www.vmedia.ca\/blog\/fr\/la-tele-vmedia-maintenant-accessible-au-quebecois\/#breadcrumb"},"inLanguage":"en-CA","potentialAction":[{"@type":"ReadAction","target":["https:\/\/www.vmedia.ca\/blog\/fr\/la-tele-vmedia-maintenant-accessible-au-quebecois\/"]}]},{"@type":"ImageObject","inLanguage":"en-CA","@id":"https:\/\/www.vmedia.ca\/blog\/fr\/la-tele-vmedia-maintenant-accessible-au-quebecois\/#primaryimage","url":"https:\/\/www.vmedia.ca\/blog\/wp-content\/uploads\/2016\/06\/VMEDIA_blog_apptv_theme_FR.jpg","contentUrl":"https:\/\/www.vmedia.ca\/blog\/wp-content\/uploads\/2016\/06\/VMEDIA_blog_apptv_theme_FR.jpg"},{"@type":"BreadcrumbList","@id":"https:\/\/www.vmedia.ca\/blog\/fr\/la-tele-vmedia-maintenant-accessible-au-quebecois\/#breadcrumb","itemListElement":[{"@type":"ListItem","position":1,"name":"Home","item":"https:\/\/www.vmedia.ca\/blog\/en\/"},{"@type":"ListItem","position":2,"name":"La t\u00e9l\u00e9 VMedia maintenant accessible au qu\u00e9b\u00e9cois!"}]},{"@type":"WebSite","@id":"https:\/\/www.vmedia.ca\/blog\/en\/#website","url":"https:\/\/www.vmedia.ca\/blog\/en\/","name":"VMedia Blog","description":"TV and Internet Service Provider","potentialAction":[{"@type":"SearchAction","target":{"@type":"EntryPoint","urlTemplate":"https:\/\/www.vmedia.ca\/blog\/en\/?s={search_term_string}"},"query-input":"required name=search_term_string"}],"inLanguage":"en-CA"},{"@type":"Person","@id":"https:\/\/www.vmedia.ca\/blog\/en\/#\/schema\/person\/0225762f01528355050674b6a90ec489","name":"Anik Chatterjee","url":"https:\/\/www.vmedia.ca\/blog\/en\/author\/anik-chatterjee\/"}]}},"modified_by":"Alexandra Gerashchenko","amp_enabled":true,"_links":{"self":[{"href":"https:\/\/www.vmedia.ca\/blog\/en\/wp-json\/wp\/v2\/posts\/752"}],"collection":[{"href":"https:\/\/www.vmedia.ca\/blog\/en\/wp-json\/wp\/v2\/posts"}],"about":[{"href":"https:\/\/www.vmedia.ca\/blog\/en\/wp-json\/wp\/v2\/types\/post"}],"author":[{"embeddable":true,"href":"https:\/\/www.vmedia.ca\/blog\/en\/wp-json\/wp\/v2\/users\/10"}],"replies":[{"embeddable":true,"href":"https:\/\/www.vmedia.ca\/blog\/en\/wp-json\/wp\/v2\/comments?post=752"}],"version-history":[{"count":5,"href":"https:\/\/www.vmedia.ca\/blog\/en\/wp-json\/wp\/v2\/posts\/752\/revisions"}],"predecessor-version":[{"id":5308,"href":"https:\/\/www.vmedia.ca\/blog\/en\/wp-json\/wp\/v2\/posts\/752\/revisions\/5308"}],"wp:attachment":[{"href":"https:\/\/www.vmedia.ca\/blog\/en\/wp-json\/wp\/v2\/media?parent=752"}],"wp:term":[{"taxonomy":"category","embeddable":true,"href":"https:\/\/www.vmedia.ca\/blog\/en\/wp-json\/wp\/v2\/categories?post=752"},{"taxonomy":"post_tag","embeddable":true,"href":"https:\/\/www.vmedia.ca\/blog\/en\/wp-json\/wp\/v2\/tags?post=752"}],"curies":[{"name":"wp","href":"https:\/\/api.w.org\/{rel}","templated":true}]}}